{"id":7704,"date":"2023-11-24T08:52:15","date_gmt":"2023-11-24T08:52:15","guid":{"rendered":"https:\/\/prensa.paraninfo.es\/?p=7704"},"modified":"2023-11-24T08:52:15","modified_gmt":"2023-11-24T08:52:15","slug":"el-galeon-de-manila-abre-ruta-en-el-instituto-de-historia-y-cultura-naval-de-madrid","status":"publish","type":"post","link":"https:\/\/prensa.paraninfo.es\/?p=7704","title":{"rendered":"&#8216;El gale\u00f3n de Manila&#8217; abre ruta en el Instituto de Historia y Cultura Naval de Madrid"},"content":{"rendered":"\n<p class=\"wp-block-paragraph\">El Instituto de Historia y Cultura Naval de Madrid ha sido testigo de la presentaci\u00f3n del libro<em> El Gale\u00f3n de Manila<\/em>, una obra de divulgaci\u00f3n juvenil de Rafa Codes y Silvia Ribelles publicada por Everest. El auditorio se ha abarrotado con entusiastas del conocimiento hist\u00f3rico, \u00e1vidos por sumergirse en las p\u00e1ginas de este libro que promete desvelar los secretos de una ruta que transform\u00f3 el mundo.<\/p>\n\n\n\n<p class=\"wp-block-paragraph\">El evento ha contado con la distinguida presencia del escritor y polit\u00f3logo Javier Santamarta, as\u00ed como de uno de los autores del libro, Rafa Codes. El acompa\u00f1amiento del personal del Museo Naval ha a\u00f1adido una dimensi\u00f3n adicional a la ocasi\u00f3n. La charla se ha centrado en descubrir a los j\u00f3venes esta traves\u00eda que dej\u00f3 una huella indeleble en la historia.<\/p>\n\n\n\n<figure class=\"wp-block-image size-large\"><img loading=\"lazy\" decoding=\"async\" width=\"1024\" height=\"768\" src=\"https:\/\/prensa.paraninfo.es\/wp-content\/uploads\/2023\/11\/IMG_3276-1024x768.jpg\" alt=\"\" class=\"wp-image-7705\" srcset=\"https:\/\/prensa.paraninfo.es\/wp-content\/uploads\/2023\/11\/IMG_3276-1024x768.jpg 1024w, https:\/\/prensa.paraninfo.es\/wp-content\/uploads\/2023\/11\/IMG_3276-300x225.jpg 300w, https:\/\/prensa.paraninfo.es\/wp-content\/uploads\/2023\/11\/IMG_3276-768x576.jpg 768w, https:\/\/prensa.paraninfo.es\/wp-content\/uploads\/2023\/11\/IMG_3276-1536x1152.jpg 1536w, https:\/\/prensa.paraninfo.es\/wp-content\/uploads\/2023\/11\/IMG_3276.jpg 2016w\" sizes=\"auto, (max-width: 1024px) 100vw, 1024px\" \/><\/figure>\n\n\n\n<p class=\"wp-block-paragraph\">\u00abEl Gale\u00f3n de Manila\u00bb emerge como un faro que ilumina un cap\u00edtulo apasionante y a menudo desconocido de nuestra historia: el auge del Imperio espa\u00f1ol. Este imperio, cuya magnitud y trascendencia suelen pasar desapercibidas, fue el catalizador que permiti\u00f3 que el comercio y las influencias culturales espa\u00f1olas se extendieran por todo el planeta. Una realidad que, lamentablemente, muchos espa\u00f1oles, especialmente los m\u00e1s j\u00f3venes, desconocen.<\/p>\n\n\n\n<p class=\"wp-block-paragraph\">La obra desentra\u00f1a esta narrativa a trav\u00e9s de diez relatos hist\u00f3ricos cargados de inter\u00e9s y aventuras. Desde la traves\u00eda mar\u00edtima del tornaviaje hasta el complejo sistema comercial que caracteriz\u00f3 al gale\u00f3n, el lector se sumerge en un viaje que explora la Manila cosmopolita, la bulliciosa ciudad de M\u00e9xico del siglo XVII y otros destinos fascinantes. Un punto culminante es la narraci\u00f3n de la primera vacunaci\u00f3n global de la historia, protagonizada por Isabel Zendal, quien llev\u00f3 la vacuna de la viruela hasta Filipinas. Adem\u00e1s, la obra promete revelar conexiones inesperadas, como el personaje real que inspir\u00f3 la famosa novela de Julio Verne <em>La vuelta al mundo en 80 d\u00edas<\/em>.<\/p>\n\n\n\n<figure class=\"wp-block-image size-large\"><img loading=\"lazy\" decoding=\"async\" width=\"1024\" height=\"768\" src=\"https:\/\/prensa.paraninfo.es\/wp-content\/uploads\/2023\/11\/IMG_3274-1024x768.jpg\" alt=\"\" class=\"wp-image-7706\" srcset=\"https:\/\/prensa.paraninfo.es\/wp-content\/uploads\/2023\/11\/IMG_3274-1024x768.jpg 1024w, https:\/\/prensa.paraninfo.es\/wp-content\/uploads\/2023\/11\/IMG_3274-300x225.jpg 300w, https:\/\/prensa.paraninfo.es\/wp-content\/uploads\/2023\/11\/IMG_3274-768x576.jpg 768w, https:\/\/prensa.paraninfo.es\/wp-content\/uploads\/2023\/11\/IMG_3274-1536x1152.jpg 1536w, https:\/\/prensa.paraninfo.es\/wp-content\/uploads\/2023\/11\/IMG_3274.jpg 2016w\" sizes=\"auto, (max-width: 1024px) 100vw, 1024px\" \/><\/figure>\n\n\n\n<p class=\"wp-block-paragraph\"><em>El Gale\u00f3n de Manila<\/em> no es solo un libro, es una puerta a un pasado vibrante y enriquecedor que ha moldeado la realidad contempor\u00e1nea. Al descubrir los hilos que conectan el pasado con el presente, los lectores se sumergir\u00e1n en un relato que va m\u00e1s all\u00e1 de las p\u00e1ginas, conectando con la esencia misma de nuestra identidad hist\u00f3rica.<\/p>\n\n\n\n<p class=\"wp-block-paragraph\">Esta presentaci\u00f3n supone desde el Museo Naval la apertura de una ventana a un mundo que merece ser explorado y comprendido.<em> El Gale\u00f3n de Manila<\/em> se presenta como un faro cultural, iluminando las aguas del pasado para que podamos navegar con mayor comprensi\u00f3n hacia el futuro.<\/p>\n\n\n\n<p class=\"wp-block-paragraph\"><a href=\"https:\/\/www.paraninfo.es\/catalogo\/9788428342193\/el-galeon-de-manila\">Comprar libro en www.everest.es<\/a><\/p>\n\n\n\n<figure class=\"wp-block-image size-large\"><img loading=\"lazy\" decoding=\"async\" width=\"1024\" height=\"768\" src=\"https:\/\/prensa.paraninfo.es\/wp-content\/uploads\/2023\/11\/IMG_3277-1024x768.jpg\" alt=\"\" class=\"wp-image-7707\" srcset=\"https:\/\/prensa.paraninfo.es\/wp-content\/uploads\/2023\/11\/IMG_3277-1024x768.jpg 1024w, https:\/\/prensa.paraninfo.es\/wp-content\/uploads\/2023\/11\/IMG_3277-300x225.jpg 300w, https:\/\/prensa.paraninfo.es\/wp-content\/uploads\/2023\/11\/IMG_3277-768x576.jpg 768w, https:\/\/prensa.paraninfo.es\/wp-content\/uploads\/2023\/11\/IMG_3277-1536x1152.jpg 1536w, https:\/\/prensa.paraninfo.es\/wp-content\/uploads\/2023\/11\/IMG_3277.jpg 2016w\" sizes=\"auto, (max-width: 1024px) 100vw, 1024px\" \/><\/figure>\n","protected":false},"excerpt":{"rendered":"<p>El Instituto de Historia y Cultura Naval de Madrid ha sido testigo de la presentaci\u00f3n del libro El Gale\u00f3n de Manila, una obra de divulgaci\u00f3n juvenil de Rafa Codes y Silvia Ribelles publicada por Everest. El auditorio se ha abarrotado con entusiastas del conocimiento hist\u00f3rico, \u00e1vidos por sumergirse en las p\u00e1ginas de este libro que promete desvelar los secretos de una ruta que transform\u00f3 el mundo.<\/p>\n","protected":false},"author":3,"featured_media":7706,"comment_status":"closed","ping_status":"closed","sticky":false,"template":"","format":"standard","meta":{"footnotes":""},"categories":[1],"tags":[382],"class_list":["post-7704","post","type-post","status-publish","format-standard","has-post-thumbnail","hentry","category-uncategorized","tag-382"],"_links":{"self":[{"href":"https:\/\/prensa.paraninfo.es\/index.php?rest_route=\/wp\/v2\/posts\/7704","targetHints":{"allow":["GET"]}}],"collection":[{"href":"https:\/\/prensa.paraninfo.es\/index.php?rest_route=\/wp\/v2\/posts"}],"about":[{"href":"https:\/\/prensa.paraninfo.es\/index.php?rest_route=\/wp\/v2\/types\/post"}],"author":[{"embeddable":true,"href":"https:\/\/prensa.paraninfo.es\/index.php?rest_route=\/wp\/v2\/users\/3"}],"replies":[{"embeddable":true,"href":"https:\/\/prensa.paraninfo.es\/index.php?rest_route=%2Fwp%2Fv2%2Fcomments&post=7704"}],"version-history":[{"count":1,"href":"https:\/\/prensa.paraninfo.es\/index.php?rest_route=\/wp\/v2\/posts\/7704\/revisions"}],"predecessor-version":[{"id":7708,"href":"https:\/\/prensa.paraninfo.es\/index.php?rest_route=\/wp\/v2\/posts\/7704\/revisions\/7708"}],"wp:featuredmedia":[{"embeddable":true,"href":"https:\/\/prensa.paraninfo.es\/index.php?rest_route=\/wp\/v2\/media\/7706"}],"wp:attachment":[{"href":"https:\/\/prensa.paraninfo.es\/index.php?rest_route=%2Fwp%2Fv2%2Fmedia&parent=7704"}],"wp:term":[{"taxonomy":"category","embeddable":true,"href":"https:\/\/prensa.paraninfo.es\/index.php?rest_route=%2Fwp%2Fv2%2Fcategories&post=7704"},{"taxonomy":"post_tag","embeddable":true,"href":"https:\/\/prensa.paraninfo.es\/index.php?rest_route=%2Fwp%2Fv2%2Ftags&post=7704"}],"curies":[{"name":"wp","href":"https:\/\/api.w.org\/{rel}","templated":true}]}}