{"id":7520,"date":"2021-06-29T13:34:37","date_gmt":"2021-06-29T13:34:37","guid":{"rendered":"https:\/\/prensa.paraninfo.es\/?p=7520"},"modified":"2021-06-29T14:00:49","modified_gmt":"2021-06-29T14:00:49","slug":"tres-novedades-de-everest-recomendadas-en-el-catalogo-de-la-oepli-como-mejores-libros-de-infantil-y-juvenil","status":"publish","type":"post","link":"https:\/\/prensa.paraninfo.es\/?p=7520","title":{"rendered":"Tres novedades de Everest recomendadas en el cat\u00e1logo de la OEPLI como mejores libros de Infantil y Juvenil"},"content":{"rendered":"\n<p class=\"wp-block-paragraph\"> La Organizaci\u00f3n Espa\u00f1ola para el Libro Infantil y Juvenil (OEPLI) ha hecho p\u00fablico el cat\u00e1logo con la selecci\u00f3n de los&nbsp;<strong>mejores 200 libros de literatura infantil y juvenil<\/strong>&nbsp;de escritores e ilustradores espa\u00f1oles y en cualquiera de las distintas lenguas oficiales publicados en 2020.<\/p>\n\n\n\n<div class=\"wp-block-image\"><figure class=\"alignleft size-large is-resized\"><img loading=\"lazy\" decoding=\"async\" src=\"https:\/\/prensa.paraninfo.es\/wp-content\/uploads\/2021\/06\/Seleccion_FLM21-1024x1024.jpg\" alt=\"\" class=\"wp-image-7521\" width=\"295\" height=\"295\" srcset=\"https:\/\/prensa.paraninfo.es\/wp-content\/uploads\/2021\/06\/Seleccion_FLM21-1024x1024.jpg 1024w, https:\/\/prensa.paraninfo.es\/wp-content\/uploads\/2021\/06\/Seleccion_FLM21-300x300.jpg 300w, https:\/\/prensa.paraninfo.es\/wp-content\/uploads\/2021\/06\/Seleccion_FLM21-150x150.jpg 150w, https:\/\/prensa.paraninfo.es\/wp-content\/uploads\/2021\/06\/Seleccion_FLM21-768x768.jpg 768w, https:\/\/prensa.paraninfo.es\/wp-content\/uploads\/2021\/06\/Seleccion_FLM21-50x50.jpg 50w, https:\/\/prensa.paraninfo.es\/wp-content\/uploads\/2021\/06\/Seleccion_FLM21.jpg 1200w\" sizes=\"auto, (max-width: 295px) 100vw, 295px\" \/><\/figure><\/div>\n\n\n\n<p class=\"wp-block-paragraph\"> Ediciones Everest regresa a esta prestigiosa selecci\u00f3n con dos t\u00edtulos seleccionados:&nbsp;<strong><em>Mi avi\u00f3n y yo<\/em><\/strong>, de Carmen Garc\u00eda Iglesias (p.22),&nbsp;y&nbsp;<strong><em>Madres del Mundo,<\/em><\/strong> de Violeta Monreal<strong><em>&nbsp;<\/em><\/strong>(p. 46). Adem\u00e1s tambi\u00e9n aparece la versi\u00f3n en euskera del libro&nbsp;<strong><em>Aprendiz de Panadero<\/em><\/strong>&nbsp;(p. 77), publicado en 2021. <\/p>\n\n\n\n<p class=\"wp-block-paragraph\"> Esta selecci\u00f3n obedece a criterios de calidad e idoneidad. OEPLI considera que son merecedoras \u00abde formar parte de esta lista de honor por considerarlas significativas dentro de la gran producci\u00f3n existente\u00bb. <\/p>\n\n\n\n<p class=\"wp-block-paragraph\">Un espaldarazo a la apuesta de Everest por regresar a la edici\u00f3n de novedades con t\u00edtulos de escritores e ilustradores de primera fila, que concitan la unanimidad de expertos, cr\u00edtica y lectores.<\/p>\n\n\n\n<p class=\"wp-block-paragraph\">Puedes descargarte y consultar el cat\u00e1logo <a href=\"https:\/\/www.oepli.org\/Publicaciones\">en este enlace<\/a>. <\/p>\n","protected":false},"excerpt":{"rendered":"<p>La Organizaci\u00f3n Espa\u00f1ola para el Libro Infantil y Juvenil (OEPLI) ha hecho p\u00fablico el cat\u00e1logo con la selecci\u00f3n de los&nbsp;mejores 200 libros de literatura infantil y juvenil&nbsp;de escritores e ilustradores espa\u00f1oles y en cualquiera de las distintas lenguas oficiales publicados en 2020. Ediciones Everest regresa a esta prestigiosa selecci\u00f3n con dos t\u00edtulos seleccionados:&nbsp;Mi avi\u00f3n y&hellip;<\/p>\n","protected":false},"author":3,"featured_media":7521,"comment_status":"closed","ping_status":"closed","sticky":false,"template":"","format":"standard","meta":{"footnotes":""},"categories":[1],"tags":[],"class_list":["post-7520","post","type-post","status-publish","format-standard","has-post-thumbnail","hentry","category-uncategorized"],"_links":{"self":[{"href":"https:\/\/prensa.paraninfo.es\/index.php?rest_route=\/wp\/v2\/posts\/7520","targetHints":{"allow":["GET"]}}],"collection":[{"href":"https:\/\/prensa.paraninfo.es\/index.php?rest_route=\/wp\/v2\/posts"}],"about":[{"href":"https:\/\/prensa.paraninfo.es\/index.php?rest_route=\/wp\/v2\/types\/post"}],"author":[{"embeddable":true,"href":"https:\/\/prensa.paraninfo.es\/index.php?rest_route=\/wp\/v2\/users\/3"}],"replies":[{"embeddable":true,"href":"https:\/\/prensa.paraninfo.es\/index.php?rest_route=%2Fwp%2Fv2%2Fcomments&post=7520"}],"version-history":[{"count":2,"href":"https:\/\/prensa.paraninfo.es\/index.php?rest_route=\/wp\/v2\/posts\/7520\/revisions"}],"predecessor-version":[{"id":7523,"href":"https:\/\/prensa.paraninfo.es\/index.php?rest_route=\/wp\/v2\/posts\/7520\/revisions\/7523"}],"wp:featuredmedia":[{"embeddable":true,"href":"https:\/\/prensa.paraninfo.es\/index.php?rest_route=\/wp\/v2\/media\/7521"}],"wp:attachment":[{"href":"https:\/\/prensa.paraninfo.es\/index.php?rest_route=%2Fwp%2Fv2%2Fmedia&parent=7520"}],"wp:term":[{"taxonomy":"category","embeddable":true,"href":"https:\/\/prensa.paraninfo.es\/index.php?rest_route=%2Fwp%2Fv2%2Fcategories&post=7520"},{"taxonomy":"post_tag","embeddable":true,"href":"https:\/\/prensa.paraninfo.es\/index.php?rest_route=%2Fwp%2Fv2%2Ftags&post=7520"}],"curies":[{"name":"wp","href":"https:\/\/api.w.org\/{rel}","templated":true}]}}