{"id":1950,"date":"2014-06-12T14:33:45","date_gmt":"2014-06-12T14:33:45","guid":{"rendered":"http:\/\/prensaparaninfo.com\/?p=1950"},"modified":"2014-06-12T14:33:45","modified_gmt":"2014-06-12T14:33:45","slug":"entrevista-a-la-autora-de-protocolo-en-hosteleria-y-restauracion","status":"publish","type":"post","link":"https:\/\/prensa.paraninfo.es\/?p=1950","title":{"rendered":"Entrevista a la autora de &#8216;Protocolo en hosteler\u00eda y restauraci\u00f3n&#8217;"},"content":{"rendered":"<p><span style=\"color:#000000;\">La autora de <a href=\"http:\/\/www.paraninfo.es\/catalogo\/9788428399302\/protocolo-en-hosteleria-y-restauracion?utm_source=Hosteler%C3%ADayRestauraci%C3%B3n&amp;utm_medium=Blog&amp;utm_campaign=Hosteler%C3%ADayRestauraci%C3%B3n\" target=\"_blank\" rel=\"noopener noreferrer\">Protocolo en hosteler\u00eda y restauraci\u00f3n<\/a>, Cristina Cabero Soto, ha sido entrevistada en la web www.hosteleriadigital.es sobre la importancia que el protocolo en la atenci\u00f3n hostelera est\u00e1 adquiriendo en un sector donde crecen cada a\u00f1o los encuentros profesionales y actos de empresas con catering de por medio.<\/span><\/p>\n<div><span style=\"color:#000000;font-size:small;\"><a href=\"http:\/\/www.paraninfo.es\/catalogo\/9788428399302\/protocolo-en-hosteleria-y-restauracion?utm_source=Hosteler%C3%ADayRestauraci%C3%B3n&amp;utm_medium=Blog&amp;utm_campaign=Hosteler%C3%ADayRestauraci%C3%B3n\" target=\"_blank\" rel=\"noopener noreferrer\">Protocolo en hosteler\u00eda y restauraci\u00f3n<\/a> es\u00a0un completo manual de protocolo exclusivo para profesionales. Un libro para disfrutar aprendiendo a ofrecer un servicio esmerado e impecable que le distinguir\u00e1 y har\u00e1 que la clientela se decante por su establecimiento.<\/span><\/div>\n<div><span style=\"color:#000000;font-size:small;\">Plantillas, cuadros esquem\u00e1ticos, fotograf\u00edas, listados de frases de cortes\u00eda habituales con su pronunciaci\u00f3n en ingl\u00e9s, franc\u00e9s, alem\u00e1n, italiano, portugu\u00e9s, ruso, japon\u00e9s, chino y \u00e1rabe y mucho m\u00e1s a su disposici\u00f3n en una obra imprescindible por novedosa y pr\u00e1ctica.<\/span><\/div>\n<div><\/div>\n<div>Pod\u00e9is leer la entrevista haciendo clic <a href=\"http:\/\/www.hosteleriadigital.es\/hosteleria\/24077\/Cristina-Cabero-autora-del-libro-Protocolo-en-Hosteleria-y-restauracion-%E2%80%9CEl-protocolo-es-el-ingrediente-fundamental-de-este-negocio%E2%80%9D\" target=\"_blank\" rel=\"noopener noreferrer\">aqu\u00ed.<\/a><\/div>\n<div><a href=\"https:\/\/prensa.paraninfo.es\/wp-content\/uploads\/2014\/06\/cristina-cabero.png\"><img loading=\"lazy\" decoding=\"async\" class=\"aligncenter size-full wp-image-1951\" src=\"https:\/\/prensa.paraninfo.es\/wp-content\/uploads\/2014\/06\/cristina-cabero.png\" alt=\"Cristina cabero\" width=\"657\" height=\"531\" srcset=\"https:\/\/prensa.paraninfo.es\/wp-content\/uploads\/2014\/06\/cristina-cabero.png 657w, https:\/\/prensa.paraninfo.es\/wp-content\/uploads\/2014\/06\/cristina-cabero-300x242.png 300w\" sizes=\"auto, (max-width: 657px) 100vw, 657px\" \/><\/a><\/div>\n","protected":false},"excerpt":{"rendered":"<p>La autora de Protocolo en hosteler\u00eda y restauraci\u00f3n, Cristina Cabero Soto, ha sido entrevistada en la web www.hosteleriadigital.es sobre la importancia que el protocolo en la atenci\u00f3n hostelera est\u00e1 adquiriendo en un sector donde crecen cada a\u00f1o los encuentros profesionales y actos de empresas con catering de por medio. Protocolo en hosteler\u00eda y restauraci\u00f3n es\u00a0un&hellip;<\/p>\n","protected":false},"author":1,"featured_media":1627,"comment_status":"closed","ping_status":"closed","sticky":false,"template":"","format":"standard","meta":{"footnotes":""},"categories":[4],"tags":[87],"class_list":["post-1950","post","type-post","status-publish","format-standard","has-post-thumbnail","hentry","category-novedad","tag-87"],"_links":{"self":[{"href":"https:\/\/prensa.paraninfo.es\/index.php?rest_route=\/wp\/v2\/posts\/1950","targetHints":{"allow":["GET"]}}],"collection":[{"href":"https:\/\/prensa.paraninfo.es\/index.php?rest_route=\/wp\/v2\/posts"}],"about":[{"href":"https:\/\/prensa.paraninfo.es\/index.php?rest_route=\/wp\/v2\/types\/post"}],"author":[{"embeddable":true,"href":"https:\/\/prensa.paraninfo.es\/index.php?rest_route=\/wp\/v2\/users\/1"}],"replies":[{"embeddable":true,"href":"https:\/\/prensa.paraninfo.es\/index.php?rest_route=%2Fwp%2Fv2%2Fcomments&post=1950"}],"version-history":[{"count":0,"href":"https:\/\/prensa.paraninfo.es\/index.php?rest_route=\/wp\/v2\/posts\/1950\/revisions"}],"wp:featuredmedia":[{"embeddable":true,"href":"https:\/\/prensa.paraninfo.es\/index.php?rest_route=\/wp\/v2\/media\/1627"}],"wp:attachment":[{"href":"https:\/\/prensa.paraninfo.es\/index.php?rest_route=%2Fwp%2Fv2%2Fmedia&parent=1950"}],"wp:term":[{"taxonomy":"category","embeddable":true,"href":"https:\/\/prensa.paraninfo.es\/index.php?rest_route=%2Fwp%2Fv2%2Fcategories&post=1950"},{"taxonomy":"post_tag","embeddable":true,"href":"https:\/\/prensa.paraninfo.es\/index.php?rest_route=%2Fwp%2Fv2%2Ftags&post=1950"}],"curies":[{"name":"wp","href":"https:\/\/api.w.org\/{rel}","templated":true}]}}